




{"id":3268,"date":"2025-08-08T11:55:27","date_gmt":"2025-08-08T09:55:27","guid":{"rendered":"https:\/\/euribor365.es\/?p=3268"},"modified":"2025-08-26T19:51:19","modified_gmt":"2025-08-26T17:51:19","slug":"euribor-hoy-8-de-agosto","status":"publish","type":"post","link":"https:\/\/euribor365.es\/index.php\/2025\/08\/08\/euribor-hoy-8-de-agosto\/","title":{"rendered":"Eur\u00edbor hoy 8 de Agosto, resumen semanal: movimiento sutil\u2026 pero claves de fondo"},"content":{"rendered":"\n<p>La primera semana completa de agosto deja claro que&nbsp;<strong>el Eur\u00edbor sigue apostando por la estabilidad<\/strong>, aunque mantiene su tradicional vaiv\u00e9n diario en un contexto de m\u00e1xima vigilancia sobre las decisiones de los bancos centrales. El&nbsp;<strong><a href=\"https:\/\/euribor365.es\/\" target=\"_blank\" rel=\"noreferrer noopener\">dato de hoy, 8 de agosto, sit\u00faa el Eur\u00edbor en 2,121%<\/a><\/strong>, apenas una mil\u00e9sima menos que ayer, cerrando as\u00ed una semana sin sobresaltos pero repleta de se\u00f1ales para interpretar de cara al resto del mes.<\/p>\n\n\n\n<h2 class=\"wp-block-heading has-medium-font-size\">Evoluci\u00f3n diaria del Eur\u00edbor: leve oscilaci\u00f3n y zona de consolidaci\u00f3n<\/h2>\n\n\n\n<p>Veamos la secuencia de cifras estos primeros d\u00edas:<\/p>\n\n\n\n<ul class=\"wp-block-list\">\n<li><strong>01-Ago:<\/strong>&nbsp;2,147% \u2191<\/li>\n\n\n\n<li><strong>04-Ago:<\/strong>&nbsp;2,156% \u2191<\/li>\n\n\n\n<li><strong>05-Ago:<\/strong>&nbsp;2,129% \u2193<\/li>\n\n\n\n<li><strong>06-Ago:<\/strong>&nbsp;2,118% \u2193<\/li>\n\n\n\n<li><strong>07-Ago:<\/strong>&nbsp;2,122% \u2191<\/li>\n\n\n\n<li><strong>08-Ago:<\/strong>&nbsp;2,121% \u2193<\/li>\n<\/ul>\n\n\n\n<p>El \u00edndice empez\u00f3 el mes con un peque\u00f1o repunte, tocando su m\u00e1ximo semanal el d\u00eda 4 (2,156%), para despu\u00e9s corregir sucesivamente hasta la zona de 2,12%, donde parece encontrar soporte. Ni la bajada ha sido aguda, ni la subida una amenaza seria para quienes siguen el&nbsp;Eur\u00edbor hoy&nbsp;con preocupaci\u00f3n por la revisi\u00f3n de sus hipotecas: estamos ante una semana de \u201cvolatilidad ligera\u201d, m\u00e1s normal que alarmante en pleno verano financiero.<\/p>\n\n\n\n<h2 class=\"wp-block-heading has-medium-font-size\">\u00bfQu\u00e9 est\u00e1 influyendo esta semana? El papel de UBS y el cambio de expectativas<\/h2>\n\n\n\n<p>El elemento macro m\u00e1s destacable ha venido de&nbsp;<a href=\"https:\/\/cincodias.elpais.com\/mercados-financieros\/2025-08-05\/ubs-constata-que-el-mercado-espera-ahora-otra-pausa-en-los-tipos-por-parte-del-bce.html\" target=\"_blank\" rel=\"noreferrer noopener\">UBS<\/a>, uno de los mayores bancos de inversi\u00f3n europeos, que ha ajustado sus previsiones y enfr\u00eda las esperanzas de bajadas inmediatas de tipos en la pr\u00f3xima reuni\u00f3n del BCE. En concreto, UBS ha elevado la probabilidad de que el BCE mantenga los tipos sin cambios, al menos en el corto plazo. Este nuevo enfoque responde, entre otros factores, a:<\/p>\n\n\n\n<ul class=\"wp-block-list\">\n<li>La estabilidad de la inflaci\u00f3n en la eurozona (con el IPC anclado en el 2%, justo en el objetivo del BCE, pero sin se\u00f1ales claras de bajada adicional inmediata).<\/li>\n\n\n\n<li>Una mayor cautela global tras los \u00faltimos datos econ\u00f3micos; ni la Reserva Federal ni el BCE quieren precipitarse a la baja mientras persista cualquier presi\u00f3n inflacionaria subyacente.<\/li>\n\n\n\n<li>Comentarios recientes desde el propio BCE subrayando la necesidad de \u201cesperar y ver\u201d, lo que el mercado traduce como ausencia de noticias\u2026 pero tambi\u00e9n como ausencia de recortes a corto plazo.<\/li>\n<\/ul>\n\n\n\n<p>Este giro en la narrativa afecta directamente al Eur\u00edbor: al disminuir la expectativa de bajadas de tipos, el \u00edndice deja de anticipar recortes y se consolida en el 2,12\u20132,15%, evitando sobresaltos pero poniendo techo al \u201cefecto ahorro\u201d que han experimentado tantas familias en los \u00faltimos meses.<\/p>\n\n\n\n<h2 class=\"wp-block-heading has-medium-font-size\">Perspectiva internacional e indicadores paralelos<\/h2>\n\n\n\n<p>La semana no ha estado exenta de movimientos relevantes fuera del \u00e1mbito estrictamente monetario. En Estados Unidos, los datos publicados el viernes pasado reflejaron un claro enfriamiento del mercado laboral: el n\u00famero de peticiones de subsidio por desempleo subi\u00f3 con fuerza, superando las previsiones y alcanzando su nivel m\u00e1s alto en meses, mientras la creaci\u00f3n de empleo se qued\u00f3 por debajo de las expectativas. Este repunte de la tensi\u00f3n laboral ha aumentado la cautela de los mercados globales y reabre las especulaciones sobre posibles recortes de tipos por parte de la Reserva Federal en oto\u00f1o. En la eurozona, la inflaci\u00f3n y el empleo se mantienen en l\u00ednea con lo esperado, sin grandes alegr\u00edas ni sorpresas. As\u00ed, tanto los mercados europeos como el Eur\u00edbor adoptan una actitud especialmente vigilante, pendientes de cualquier se\u00f1al inesperada ya sea del \u00e1mbito laboral estadounidense, de la energ\u00eda, la geopol\u00edtica o la banca, que pueda alterar el actual equilibrio.<\/p>\n\n\n\n<h2 class=\"wp-block-heading has-medium-font-size\">\u00bfQu\u00e9 implica esto si tienes una hipoteca o piensas en pedir una?<\/h2>\n\n\n\n<ul class=\"wp-block-list\">\n<li><strong>Revisiones actuales:<\/strong>&nbsp;Los que revisen hipoteca este mes ver\u00e1n cuotas bastante m\u00e1s bajas que en 2024 (la media mensual sigue por encima del 2,13%, pero el recorte interanual supera el punto porcentual).<\/li>\n\n\n\n<li><strong>Perfil de estabilidad corta:<\/strong>&nbsp;Todo apunta a un verano de transici\u00f3n para el mercado hipotecario: la ca\u00edda del Eur\u00edbor parece haberse frenado y hay menos margen para nuevos alivios, pero por ahora tampoco hay se\u00f1ales de fuerte repunte.<\/li>\n\n\n\n<li><strong>Expectativas para el oto\u00f1o:<\/strong>&nbsp;Si el BCE mantiene posturas y la inflaci\u00f3n no sorprende, el Eur\u00edbor podr\u00eda seguir en estos niveles, beneficiando a quienes tengan revisiones en los pr\u00f3ximos meses. Pero el \u201cp\u00e9ndulo\u201d del mercado sigue vivo y un solo dato macro podr\u00eda alterar el rumbo de manera r\u00e1pida y sorpresiva.<\/li>\n<\/ul>\n\n\n\n<h2 class=\"wp-block-heading has-medium-font-size\">Resumen semanal: calma tensa y horizonte de vigilancia<\/h2>\n\n\n\n<p>Agosto arranca, por tanto, con un Eur\u00edbor sereno pero sin tendencia de fondo clara. La principal noticia de la semana es c\u00f3mo el mercado asimila la creciente probabilidad de que <strong>no habr\u00e1 nuevas bajadas de tipos en el corto plazo<\/strong> y eso se nota en la aparente estabilidad del \u00edndice. Para los hipotecados, el ahorro respecto al a\u00f1o pasado sigue vigente, pero puede ser el \u00faltimo \u201calivio grande\u201d antes de entrar en una fase de meseta.<\/p>\n\n\n\n<p>Lo fundamental sigue siendo estar pendiente de los pr\u00f3ximos comunicados del BCE y de las publicaciones clave de la inflaci\u00f3n europea. La estabilidad de la primera semana de agosto puede servir como anticipo de un mes relativamente apacible\u2026 o puede ser, simplemente, la calma antes de nuevos ajustes cuando los grandes actores econ\u00f3micos retomen fuerza tras el verano.<\/p>\n\n\n\n<p><strong>\u00bfTe toca revisar la hipoteca? Calcula tu cuota y los posibles escenarios con nuestro<a href=\"https:\/\/euribor365.es\/index.php\/simulador\/\" target=\"_blank\" rel=\"noreferrer noopener\"> simulador<\/a> y mantente atento a posibles actualizaciones en los datos del Eur\u00edbor y la pol\u00edtica internacional.<\/strong><br><br><br><\/p>\n\n\n<ul class=\"wp-block-latest-posts__list wp-block-latest-posts\"><li><div class=\"wp-block-latest-posts__featured-image alignleft\"><img loading=\"lazy\" decoding=\"async\" width=\"150\" height=\"100\" src=\"https:\/\/euribor365.es\/wp-content\/uploads\/2025\/02\/hucha.jpg\" class=\"attachment-thumbnail size-thumbnail wp-post-image\" alt=\"C\u00e1lculo de revisi\u00f3n anual de hipoteca con Eur\u00edbor\" style=\"max-width:75px;max-height:75px;\" \/><\/div><a class=\"wp-block-latest-posts__post-title\" href=\"https:\/\/euribor365.es\/index.php\/2026\/04\/03\/revision-anual-hipoteca-como-calcular\/\">Revisi\u00f3n anual de la hipoteca: Qu\u00e9 es, c\u00f3mo se calcula y c\u00f3mo te afecta<\/a><hr style=\"border: 0; border-top: 1px solid #0056b3; margin: 15px 0;\"><\/li>\n<li><div class=\"wp-block-latest-posts__featured-image alignleft\"><img loading=\"lazy\" decoding=\"async\" width=\"150\" height=\"100\" src=\"https:\/\/euribor365.es\/wp-content\/uploads\/2025\/11\/inflacion-zona-euro.jpg\" class=\"attachment-thumbnail size-thumbnail wp-post-image\" alt=\"Inflaci\u00f3n zona euro\" style=\"max-width:75px;max-height:75px;\" \/><\/div><a class=\"wp-block-latest-posts__post-title\" href=\"https:\/\/euribor365.es\/index.php\/2025\/11\/19\/ipc-octubre-2025-en-eurozona\/\">IPC octubre 2025 en la zona euro: dato oficial confirma moderaci\u00f3n en la inflaci\u00f3n<\/a><hr style=\"border: 0; border-top: 1px solid #0056b3; margin: 15px 0;\"><\/li>\n<li><div class=\"wp-block-latest-posts__featured-image alignleft\"><img loading=\"lazy\" decoding=\"async\" width=\"150\" height=\"100\" src=\"https:\/\/euribor365.es\/wp-content\/uploads\/2025\/04\/edificio-en-obras.jpg\" class=\"attachment-thumbnail size-thumbnail wp-post-image\" alt=\"Edificio en obras\" style=\"max-width:75px;max-height:75px;\" \/><\/div><a class=\"wp-block-latest-posts__post-title\" href=\"https:\/\/euribor365.es\/index.php\/2025\/11\/05\/mejores-hipotecas-nov-2025\/\">Las mejores hipotecas de noviembre de 2025: fijas, mixtas y variables para ti<\/a><hr style=\"border: 0; border-top: 1px solid #0056b3; margin: 15px 0;\"><\/li>\n<li><div class=\"wp-block-latest-posts__featured-image alignleft\"><img loading=\"lazy\" decoding=\"async\" width=\"150\" height=\"113\" src=\"https:\/\/euribor365.es\/wp-content\/uploads\/2025\/04\/BCE.jpg\" class=\"attachment-thumbnail size-thumbnail wp-post-image\" alt=\"Sede del BCE\" style=\"max-width:75px;max-height:75px;\" \/><\/div><a class=\"wp-block-latest-posts__post-title\" href=\"https:\/\/euribor365.es\/index.php\/2025\/10\/30\/el-bce-mantiene-los-tipos-en-2\/\">El BCE mantiene los tipos de inter\u00e9s en el 2% y cumple con las previsiones tras la bajada reciente de la FED<\/a><hr style=\"border: 0; border-top: 1px solid #0056b3; margin: 15px 0;\"><\/li>\n<li><div class=\"wp-block-latest-posts__featured-image alignleft\"><img loading=\"lazy\" decoding=\"async\" width=\"150\" height=\"105\" src=\"https:\/\/euribor365.es\/wp-content\/uploads\/2025\/01\/Dolar-fuerte.jpg\" class=\"attachment-thumbnail size-thumbnail wp-post-image\" alt=\"El d\u00f3lar fuerte tensiona mercados y pol\u00edticas del BCE y FED\" style=\"max-width:75px;max-height:75px;\" \/><\/div><a class=\"wp-block-latest-posts__post-title\" href=\"https:\/\/euribor365.es\/index.php\/2025\/10\/29\/fed-baja-tipos-de-interes-al-4\/\">La FED baja los tipos de inter\u00e9s al 4%: impacto en la econom\u00eda mundial, el Eur\u00edbor y los mercados<\/a><hr style=\"border: 0; border-top: 1px solid #0056b3; margin: 15px 0;\"><\/li>\n<\/ul>\n\n\n<div class=\"mobile-only-line\"><\/div>\n<a href=\"https:\/\/t.me\/euriboristas\" target=\"_blank\" style=\"text-decoration: none; color: #0056b3;\">\n  <img loading=\"lazy\" decoding=\"async\" src=\"https:\/\/upload.wikimedia.org\/wikipedia\/commons\/8\/82\/Telegram_logo.svg\" alt=\"Telegram\" width=\"24\" height=\"24\" style=\"vertical-align: middle; margin-right: 8px;\">\n  <span style=\"font-size: 1.08em;\">\n   <strong> \u00bfQuieres el dato del Euribor antes que nadie? S\u00edguelo cada ma\u00f1ana a las 11h en el Telegram de Euriboristas<\/strong>\n    <span style=\"font-size:0.95em; color:#0056b3;\">(canal externo recomendado)<\/span>\n  <\/span>\n<\/a>\n","protected":false},"excerpt":{"rendered":"<p>La primera semana completa de agosto deja claro que&nbsp;el Eur\u00edbor sigue apostando por la estabilidad, aunque mantiene su tradicional vaiv\u00e9n diario en un contexto de m\u00e1xima vigilancia sobre las decisiones de los bancos centrales. El&nbsp;dato de hoy, 8 de agosto, sit\u00faa el Eur\u00edbor en 2,121%, apenas una mil\u00e9sima menos que ayer, cerrando as\u00ed una semana &#8230; <a title=\"Eur\u00edbor hoy 8 de Agosto, resumen semanal: movimiento sutil\u2026 pero claves de fondo\" class=\"read-more\" href=\"https:\/\/euribor365.es\/index.php\/2025\/08\/08\/euribor-hoy-8-de-agosto\/\" aria-label=\"Leer m\u00e1s sobre Eur\u00edbor hoy 8 de Agosto, resumen semanal: movimiento sutil\u2026 pero claves de fondo\">Leer m\u00e1s<\/a><\/p>\n","protected":false},"author":1,"featured_media":2625,"comment_status":"closed","ping_status":"open","sticky":false,"template":"","format":"standard","meta":{"footnotes":""},"categories":[9],"tags":[],"class_list":["post-3268","post","type-post","status-publish","format-standard","has-post-thumbnail","hentry","category-archivo_euribor365"],"_links":{"self":[{"href":"https:\/\/euribor365.es\/index.php\/wp-json\/wp\/v2\/posts\/3268","targetHints":{"allow":["GET"]}}],"collection":[{"href":"https:\/\/euribor365.es\/index.php\/wp-json\/wp\/v2\/posts"}],"about":[{"href":"https:\/\/euribor365.es\/index.php\/wp-json\/wp\/v2\/types\/post"}],"author":[{"embeddable":true,"href":"https:\/\/euribor365.es\/index.php\/wp-json\/wp\/v2\/users\/1"}],"replies":[{"embeddable":true,"href":"https:\/\/euribor365.es\/index.php\/wp-json\/wp\/v2\/comments?post=3268"}],"version-history":[{"count":12,"href":"https:\/\/euribor365.es\/index.php\/wp-json\/wp\/v2\/posts\/3268\/revisions"}],"predecessor-version":[{"id":3371,"href":"https:\/\/euribor365.es\/index.php\/wp-json\/wp\/v2\/posts\/3268\/revisions\/3371"}],"wp:featuredmedia":[{"embeddable":true,"href":"https:\/\/euribor365.es\/index.php\/wp-json\/wp\/v2\/media\/2625"}],"wp:attachment":[{"href":"https:\/\/euribor365.es\/index.php\/wp-json\/wp\/v2\/media?parent=3268"}],"wp:term":[{"taxonomy":"category","embeddable":true,"href":"https:\/\/euribor365.es\/index.php\/wp-json\/wp\/v2\/categories?post=3268"},{"taxonomy":"post_tag","embeddable":true,"href":"https:\/\/euribor365.es\/index.php\/wp-json\/wp\/v2\/tags?post=3268"}],"curies":[{"name":"wp","href":"https:\/\/api.w.org\/{rel}","templated":true}]}}